{"id":6579,"date":"2023-03-09T08:42:33","date_gmt":"2023-03-09T08:42:33","guid":{"rendered":"https:\/\/triathlonolesnica.pl\/new_site\/?p=6579"},"modified":"2023-03-09T11:06:13","modified_gmt":"2023-03-09T11:06:13","slug":"ruszyly-zapisy-na-5-edycje-nspf","status":"publish","type":"post","link":"https:\/\/triathlonolesnica.pl\/new_site\/2023\/03\/09\/ruszyly-zapisy-na-5-edycje-nspf\/","title":{"rendered":"Ruszy\u0142y zapisy na 5 edycj\u0119 NSPF!"},"content":{"rendered":"\t\t<div data-elementor-type=\"wp-post\" data-elementor-id=\"6579\" class=\"elementor elementor-6579\">\n\t\t\t\t\t\t<div class=\"elementor-inner\">\n\t\t\t\t<div class=\"elementor-section-wrap\">\n\t\t\t\t\t\t\t\t\t<section class=\"elementor-section elementor-top-section elementor-element elementor-element-246461b3 elementor-section-boxed elementor-section-height-default elementor-section-height-default\" data-id=\"246461b3\" data-element_type=\"section\">\n\t\t\t\t\t\t<div class=\"elementor-container elementor-column-gap-default\">\n\t\t\t\t\t\t\t<div class=\"elementor-row\">\n\t\t\t\t\t<div class=\"elementor-column elementor-col-100 elementor-top-column elementor-element elementor-element-4a0f2c8\" data-id=\"4a0f2c8\" data-element_type=\"column\">\n\t\t\t<div class=\"elementor-column-wrap elementor-element-populated\">\n\t\t\t\t\t\t\t<div class=\"elementor-widget-wrap\">\n\t\t\t\t\t\t<div class=\"elementor-element elementor-element-eb8271a elementor-widget elementor-widget-image\" data-id=\"eb8271a\" data-element_type=\"widget\" data-widget_type=\"image.default\">\n\t\t\t\t<div class=\"elementor-widget-container\">\n\t\t\t\t\t\t\t\t<div class=\"elementor-image\">\n\t\t\t\t\t\t\t\t\t\t\t\t<img width=\"1200\" height=\"1200\" src=\"https:\/\/triathlonolesnica.pl\/new_site\/wp-content\/uploads\/2023\/03\/Zapisy-5NSPF-FB-1200x1200_v5.jpg\" class=\"attachment-full size-full\" alt=\"\" loading=\"lazy\" srcset=\"https:\/\/triathlonolesnica.pl\/new_site\/wp-content\/uploads\/2023\/03\/Zapisy-5NSPF-FB-1200x1200_v5.jpg 1200w, https:\/\/triathlonolesnica.pl\/new_site\/wp-content\/uploads\/2023\/03\/Zapisy-5NSPF-FB-1200x1200_v5-300x300.jpg 300w, https:\/\/triathlonolesnica.pl\/new_site\/wp-content\/uploads\/2023\/03\/Zapisy-5NSPF-FB-1200x1200_v5-1024x1024.jpg 1024w, https:\/\/triathlonolesnica.pl\/new_site\/wp-content\/uploads\/2023\/03\/Zapisy-5NSPF-FB-1200x1200_v5-150x150.jpg 150w, https:\/\/triathlonolesnica.pl\/new_site\/wp-content\/uploads\/2023\/03\/Zapisy-5NSPF-FB-1200x1200_v5-768x768.jpg 768w, https:\/\/triathlonolesnica.pl\/new_site\/wp-content\/uploads\/2023\/03\/Zapisy-5NSPF-FB-1200x1200_v5-120x120.jpg 120w, https:\/\/triathlonolesnica.pl\/new_site\/wp-content\/uploads\/2023\/03\/Zapisy-5NSPF-FB-1200x1200_v5-500x500.jpg 500w, https:\/\/triathlonolesnica.pl\/new_site\/wp-content\/uploads\/2023\/03\/Zapisy-5NSPF-FB-1200x1200_v5-800x800.jpg 800w, https:\/\/triathlonolesnica.pl\/new_site\/wp-content\/uploads\/2023\/03\/Zapisy-5NSPF-FB-1200x1200_v5-640x640.jpg 640w, https:\/\/triathlonolesnica.pl\/new_site\/wp-content\/uploads\/2023\/03\/Zapisy-5NSPF-FB-1200x1200_v5-50x50.jpg 50w\" sizes=\"(max-width: 1200px) 100vw, 1200px\" \/>\t\t\t\t\t\t\t\t\t\t\t\t\t\t<\/div>\n\t\t\t\t\t\t<\/div>\n\t\t\t\t<\/div>\n\t\t\t\t<div class=\"elementor-element elementor-element-3261118b elementor-widget elementor-widget-text-editor\" data-id=\"3261118b\" data-element_type=\"widget\" data-widget_type=\"text-editor.default\">\n\t\t\t\t<div class=\"elementor-widget-container\">\n\t\t\t\t\t\t\t\t<div class=\"elementor-text-editor elementor-clearfix\">\n\t\t\t\t<p>Zapraszamy do wzi\u0119cia udzia\u0142u w <strong>Nocnym Sztafetowym P\u00f3\u0142maratonie Firmowym<\/strong>, kt\u00f3ry odb\u0119dzie si\u0119 <strong>13. maja 2023<\/strong>! To wyj\u0105tkowe wydarzenie, kt\u00f3re pozwoli wam prze\u017cy\u0107 niezapomniane chwile w gronie waszych wsp\u00f3\u0142pracownik\u00f3w.<\/p><p>Nocny Sztafetowy P\u00f3\u0142maraton Firmowy to nie tylko okazja do integracji z zespo\u0142em, ale tak\u017ce mo\u017cliwo\u015b\u0107 aktywnego sp\u0119dzenia czasu i wyzwania dla Waszych umiej\u0119tno\u015bci biegowych. To wydarzenie \u0142\u0105czy w sobie sportow\u0105 rywalizacj\u0119, wspania\u0142\u0105 atmosfer\u0119 i wiele pozytywnych emocji.<\/p><p>Dlatego zach\u0119camy Was do zapisania si\u0119 ju\u017c dzi\u015b na stronie <a href=\"http:\/\/www.zmierzymyczas.pl\">zmierzymyczas.pl<\/a>. Zapisy trwaj\u0105 do <strong>27. marca 2023<\/strong>, wi\u0119c nie czekajcie z decyzj\u0105!<\/p><p>Nie ma znaczenia, czy jeste\u015bcie pocz\u0105tkuj\u0105cymi biegaczami czy do\u015bwiadczonymi zawodnikami &#8211; Nocny Sztafetowy P\u00f3\u0142maraton Firmowy to idealna okazja, by sprawdzi\u0107 swoje si\u0142y i zdoby\u0107 niezapomniane do\u015bwiadczenia. Do\u0142\u0105czcie do nas i przekonajcie si\u0119 sami, jak wiele pozytywnych emocji mo\u017ce przynie\u015b\u0107 udzia\u0142 w takim wydarzeniu!<\/p><p>Zapisz si\u0119 ju\u017c dzi\u015b na <a href=\"http:\/\/www.zmierzymyczas.pl\">zmierzymyczas.pl<\/a> i b\u0105d\u017a gotowy na wyj\u0105tkow\u0105 przygod\u0119!<\/p>\t\t\t\t\t<\/div>\n\t\t\t\t\t\t<\/div>\n\t\t\t\t<\/div>\n\t\t\t\t\t\t<\/div>\n\t\t\t\t\t<\/div>\n\t\t<\/div>\n\t\t\t\t\t\t\t\t<\/div>\n\t\t\t\t\t<\/div>\n\t\t<\/section>\n\t\t\t\t\t\t\t\t\t<\/div>\n\t\t\t<\/div>\n\t\t\t\t\t<\/div>\n\t\t","protected":false},"excerpt":{"rendered":"<p>Zapraszamy do wzi\u0119cia udzia\u0142u w Nocnym Sztafetowym P\u00f3\u0142maratonie Firmowym, kt\u00f3ry odb\u0119dzie si\u0119 13. maja 2023! To wyj\u0105tkowe wydarzenie, kt\u00f3re pozwoli wam prze\u017cy\u0107 niezapomniane chwile w gronie waszych wsp\u00f3\u0142pracownik\u00f3w. Nocny Sztafetowy<\/p>\n<p class=\"more-link\"><a href=\"https:\/\/triathlonolesnica.pl\/new_site\/2023\/03\/09\/ruszyly-zapisy-na-5-edycje-nspf\/\" class=\"readmore\">Czytaj dalej&#8230;<span class=\"screen-reader-text\">Ruszy\u0142y zapisy na 5 edycj\u0119 NSPF!<\/span><\/a><\/p>\n","protected":false},"author":2,"featured_media":0,"comment_status":"closed","ping_status":"open","sticky":false,"template":"","format":"standard","meta":[],"categories":[1],"tags":[],"_links":{"self":[{"href":"https:\/\/triathlonolesnica.pl\/new_site\/wp-json\/wp\/v2\/posts\/6579"}],"collection":[{"href":"https:\/\/triathlonolesnica.pl\/new_site\/wp-json\/wp\/v2\/posts"}],"about":[{"href":"https:\/\/triathlonolesnica.pl\/new_site\/wp-json\/wp\/v2\/types\/post"}],"author":[{"embeddable":true,"href":"https:\/\/triathlonolesnica.pl\/new_site\/wp-json\/wp\/v2\/users\/2"}],"replies":[{"embeddable":true,"href":"https:\/\/triathlonolesnica.pl\/new_site\/wp-json\/wp\/v2\/comments?post=6579"}],"version-history":[{"count":11,"href":"https:\/\/triathlonolesnica.pl\/new_site\/wp-json\/wp\/v2\/posts\/6579\/revisions"}],"predecessor-version":[{"id":6595,"href":"https:\/\/triathlonolesnica.pl\/new_site\/wp-json\/wp\/v2\/posts\/6579\/revisions\/6595"}],"wp:attachment":[{"href":"https:\/\/triathlonolesnica.pl\/new_site\/wp-json\/wp\/v2\/media?parent=6579"}],"wp:term":[{"taxonomy":"category","embeddable":true,"href":"https:\/\/triathlonolesnica.pl\/new_site\/wp-json\/wp\/v2\/categories?post=6579"},{"taxonomy":"post_tag","embeddable":true,"href":"https:\/\/triathlonolesnica.pl\/new_site\/wp-json\/wp\/v2\/tags?post=6579"}],"curies":[{"name":"wp","href":"https:\/\/api.w.org\/{rel}","templated":true}]}}