{"id":6360,"date":"2020-10-05T22:22:19","date_gmt":"2020-10-05T22:22:19","guid":{"rendered":"https:\/\/www.daniel-laba.it\/Wordpress\/?p=6360"},"modified":"2021-01-21T22:25:30","modified_gmt":"2021-01-21T22:25:30","slug":"z-kalendarza-ogt-tydzien-40","status":"publish","type":"post","link":"https:\/\/triathlonolesnica.pl\/new_site\/2020\/10\/05\/z-kalendarza-ogt-tydzien-40\/","title":{"rendered":"Z kalendarza OGT Tydzie\u0144 40"},"content":{"rendered":"\t\t<div data-elementor-type=\"wp-post\" data-elementor-id=\"6360\" class=\"elementor elementor-6360\">\n\t\t\t\t\t\t<div class=\"elementor-inner\">\n\t\t\t\t<div class=\"elementor-section-wrap\">\n\t\t\t\t\t\t\t\t\t<section class=\"elementor-section elementor-top-section elementor-element elementor-element-3429bd2 elementor-section-boxed elementor-section-height-default elementor-section-height-default\" data-id=\"3429bd2\" data-element_type=\"section\">\n\t\t\t\t\t\t<div class=\"elementor-container elementor-column-gap-default\">\n\t\t\t\t\t\t\t<div class=\"elementor-row\">\n\t\t\t\t\t<div class=\"elementor-column elementor-col-100 elementor-top-column elementor-element elementor-element-0a554d4\" data-id=\"0a554d4\" data-element_type=\"column\">\n\t\t\t<div class=\"elementor-column-wrap elementor-element-populated\">\n\t\t\t\t\t\t\t<div class=\"elementor-widget-wrap\">\n\t\t\t\t\t\t<div class=\"elementor-element elementor-element-edfc83a elementor-widget elementor-widget-text-editor\" data-id=\"edfc83a\" data-element_type=\"widget\" data-widget_type=\"text-editor.default\">\n\t\t\t\t<div class=\"elementor-widget-container\">\n\t\t\t\t\t\t\t\t<div class=\"elementor-text-editor elementor-clearfix\">\n\t\t\t\t<div class=\"o9v6fnle cxmmr5t8 oygrvhab hcukyx3x c1et5uql ii04i59q\"><div dir=\"auto\">Dzisiaj 1 Jelcza\u0144ski Duathlon-Crossowy.<\/div><div dir=\"auto\">\u00a0<\/div><div dir=\"auto\">&#8222;Pogoda by\u0142a pi\u0119kna, tzn. la\u0142o i pe\u0142no b\u0142ota ale to chyba ca\u0142y urok MTB&#8221; Cytuj\u0105c Naszego medalist\u0119 Tomasza Kubickiego.<\/div><div dir=\"auto\">\u00a0<\/div><\/div><div class=\"o9v6fnle cxmmr5t8 oygrvhab hcukyx3x c1et5uql ii04i59q\"><div dir=\"auto\">Po udanym starcie w \u015awidnicy, przyj\u0119li\u015bmy kolejne zaproszenie organizatora: Jelcz Triathlon Project, dzi\u0119kujemy.<\/div><div dir=\"auto\">\u00a0<\/div><div dir=\"auto\">W Jelczu wystartowali\u015bmy w sk\u0142adzie:<\/div><div dir=\"auto\">\u00a0<\/div><div dir=\"auto\">Katarzyna Szarek czas: 01:46:35 4 1\/K30-39 Gratulacje <span class=\"pq6dq46d tbxw36s4 knj5qynh kvgmc6g5 ditlmg2l oygrvhab nvdbi5me sf5mxxl7 gl3lb2sf hhz5lgdu\"><img loading=\"lazy\" src=\"https:\/\/static.xx.fbcdn.net\/images\/emoji.php\/v9\/t94\/1\/16\/1f947.png\" alt=\"\ud83e\udd47\" width=\"16\" height=\"16\" \/><\/span><\/div><div dir=\"auto\">Melchior Chabierski czas: 01:50:01 74 5\/M20-29<\/div><div dir=\"auto\">Marek Chabierski czas: 01:43:59 64 3\/M50-59 Gratulacje <span class=\"pq6dq46d tbxw36s4 knj5qynh kvgmc6g5 ditlmg2l oygrvhab nvdbi5me sf5mxxl7 gl3lb2sf hhz5lgdu\"><img loading=\"lazy\" src=\"https:\/\/static.xx.fbcdn.net\/images\/emoji.php\/v9\/t96\/1\/16\/1f949.png\" alt=\"\ud83e\udd49\" width=\"16\" height=\"16\" \/><\/span><\/div><div dir=\"auto\">Piotr Szelerski czas: 01:30:38 22 10\/M30-39<\/div><div dir=\"auto\">Tomasz Kita czas: 02:05:13 95 36\/M40-49<\/div><div dir=\"auto\">Tomasz Kubicki czas: 01:32:58 35 1\/M50-59 Gratulacje<span class=\"pq6dq46d tbxw36s4 knj5qynh kvgmc6g5 ditlmg2l oygrvhab nvdbi5me sf5mxxl7 gl3lb2sf hhz5lgdu\"><img loading=\"lazy\" src=\"https:\/\/static.xx.fbcdn.net\/images\/emoji.php\/v9\/t94\/1\/16\/1f947.png\" alt=\"\ud83e\udd47\" width=\"16\" height=\"16\" \/><\/span><\/div><\/div><div class=\"o9v6fnle cxmmr5t8 oygrvhab hcukyx3x c1et5uql ii04i59q\"><div dir=\"auto\">Ekipa OGT kolejny raz pokaza\u0142a moc<span class=\"pq6dq46d tbxw36s4 knj5qynh kvgmc6g5 ditlmg2l oygrvhab nvdbi5me sf5mxxl7 gl3lb2sf hhz5lgdu\"><img loading=\"lazy\" src=\"https:\/\/static.xx.fbcdn.net\/images\/emoji.php\/v9\/t6c\/1\/16\/1f4aa.png\" alt=\"\ud83d\udcaa\" width=\"16\" height=\"16\" \/><\/span><span class=\"pq6dq46d tbxw36s4 knj5qynh kvgmc6g5 ditlmg2l oygrvhab nvdbi5me sf5mxxl7 gl3lb2sf hhz5lgdu\"><img loading=\"lazy\" src=\"https:\/\/static.xx.fbcdn.net\/images\/emoji.php\/v9\/t6c\/1\/16\/1f4aa.png\" alt=\"\ud83d\udcaa\" width=\"16\" height=\"16\" \/><\/span><\/div><div dir=\"auto\">Katarzyna Szarek 1 MSC w kat. K30,<\/div><div dir=\"auto\">Tomasz Kubicki 1 MSC w kat. M50, tu\u017c za nim<\/div><div dir=\"auto\">Marek Chabierski 3 MSC w M 50.<\/div><div dir=\"auto\">\u00a0<\/div><div dir=\"auto\">Marku wspania\u0142y prezent urodzinowy sobie zrobi\u0142e\u015b. Przy okazji jeszcze raz Sto lat i mega zabawy z Triathlonu.<\/div><div dir=\"auto\">\u00a0<\/div><\/div><div class=\"o9v6fnle cxmmr5t8 oygrvhab hcukyx3x c1et5uql ii04i59q\"><div dir=\"auto\">Mimo trudnych warunk\u00f3w zawody sta\u0142y na wysokim poziomie sportowym, tym bardziej jeste\u015bmy dumni z czasu jaki uzyska\u0142 Piotr Szelerski, melduj\u0105c si\u0119 na mecie jako 22 OPEN. Brawo.<\/div><div dir=\"auto\">\u00a0<\/div><div dir=\"auto\">Brawa tak\u017ce nale\u017c\u0105 si\u0119 Melchiorowi za debiut oraz Tomkowi Kicie za wol\u0119 walki.<\/div><div dir=\"auto\">\u00a0<\/div><div dir=\"auto\">Gratulujemy tak\u017ce <span style=\"font-size: 1.125rem;\">Kinga Handzlik &#8211; Trener Babeczek<\/span>, drugi start w duathlonie i 3 lokata OPEN<span class=\"pq6dq46d tbxw36s4 knj5qynh kvgmc6g5 ditlmg2l oygrvhab nvdbi5me sf5mxxl7 gl3lb2sf hhz5lgdu\"><img loading=\"lazy\" src=\"https:\/\/static.xx.fbcdn.net\/images\/emoji.php\/v9\/tfe\/1\/16\/1f44f.png\" alt=\"\ud83d\udc4f\" width=\"16\" height=\"16\" \/><\/span><span class=\"pq6dq46d tbxw36s4 knj5qynh kvgmc6g5 ditlmg2l oygrvhab nvdbi5me sf5mxxl7 gl3lb2sf hhz5lgdu\"><img loading=\"lazy\" src=\"https:\/\/static.xx.fbcdn.net\/images\/emoji.php\/v9\/tfe\/1\/16\/1f44f.png\" alt=\"\ud83d\udc4f\" width=\"16\" height=\"16\" \/><\/span><span class=\"pq6dq46d tbxw36s4 knj5qynh kvgmc6g5 ditlmg2l oygrvhab nvdbi5me sf5mxxl7 gl3lb2sf hhz5lgdu\"><img loading=\"lazy\" src=\"https:\/\/static.xx.fbcdn.net\/images\/emoji.php\/v9\/tfe\/1\/16\/1f44f.png\" alt=\"\ud83d\udc4f\" width=\"16\" height=\"16\" \/><\/span><\/div><\/div>\t\t\t\t\t<\/div>\n\t\t\t\t\t\t<\/div>\n\t\t\t\t<\/div>\n\t\t\t\t\t\t<\/div>\n\t\t\t\t\t<\/div>\n\t\t<\/div>\n\t\t\t\t\t\t\t\t<\/div>\n\t\t\t\t\t<\/div>\n\t\t<\/section>\n\t\t\t\t\t\t\t\t\t<\/div>\n\t\t\t<\/div>\n\t\t\t\t\t<\/div>\n\t\t","protected":false},"excerpt":{"rendered":"<p>Dzisiaj 1 Jelcza\u0144ski Duathlon-Crossowy.\u00a0&#8222;Pogoda by\u0142a pi\u0119kna, tzn. la\u0142o i pe\u0142no b\u0142ota ale to chyba ca\u0142y urok MTB&#8221; Cytuj\u0105c Naszego medalist\u0119 Tomasza Kubickiego.\u00a0Po udanym starcie w \u015awidnicy, przyj\u0119li\u015bmy kolejne zaproszenie organizatora:<\/p>\n<p class=\"more-link\"><a href=\"https:\/\/triathlonolesnica.pl\/new_site\/2020\/10\/05\/z-kalendarza-ogt-tydzien-40\/\" class=\"readmore\">Czytaj dalej&#8230;<span class=\"screen-reader-text\">Z kalendarza OGT Tydzie\u0144 40<\/span><\/a><\/p>\n","protected":false},"author":1,"featured_media":0,"comment_status":"closed","ping_status":"open","sticky":false,"template":"","format":"standard","meta":[],"categories":[1],"tags":[],"_links":{"self":[{"href":"https:\/\/triathlonolesnica.pl\/new_site\/wp-json\/wp\/v2\/posts\/6360"}],"collection":[{"href":"https:\/\/triathlonolesnica.pl\/new_site\/wp-json\/wp\/v2\/posts"}],"about":[{"href":"https:\/\/triathlonolesnica.pl\/new_site\/wp-json\/wp\/v2\/types\/post"}],"author":[{"embeddable":true,"href":"https:\/\/triathlonolesnica.pl\/new_site\/wp-json\/wp\/v2\/users\/1"}],"replies":[{"embeddable":true,"href":"https:\/\/triathlonolesnica.pl\/new_site\/wp-json\/wp\/v2\/comments?post=6360"}],"version-history":[{"count":3,"href":"https:\/\/triathlonolesnica.pl\/new_site\/wp-json\/wp\/v2\/posts\/6360\/revisions"}],"predecessor-version":[{"id":6363,"href":"https:\/\/triathlonolesnica.pl\/new_site\/wp-json\/wp\/v2\/posts\/6360\/revisions\/6363"}],"wp:attachment":[{"href":"https:\/\/triathlonolesnica.pl\/new_site\/wp-json\/wp\/v2\/media?parent=6360"}],"wp:term":[{"taxonomy":"category","embeddable":true,"href":"https:\/\/triathlonolesnica.pl\/new_site\/wp-json\/wp\/v2\/categories?post=6360"},{"taxonomy":"post_tag","embeddable":true,"href":"https:\/\/triathlonolesnica.pl\/new_site\/wp-json\/wp\/v2\/tags?post=6360"}],"curies":[{"name":"wp","href":"https:\/\/api.w.org\/{rel}","templated":true}]}}