{"id":6356,"date":"2020-10-13T22:17:02","date_gmt":"2020-10-13T22:17:02","guid":{"rendered":"https:\/\/www.daniel-laba.it\/Wordpress\/?p=6356"},"modified":"2021-01-21T22:20:34","modified_gmt":"2021-01-21T22:20:34","slug":"z-kalendarza-ogt-tydzien-41","status":"publish","type":"post","link":"https:\/\/triathlonolesnica.pl\/new_site\/2020\/10\/13\/z-kalendarza-ogt-tydzien-41\/","title":{"rendered":"Z kalendarza OGT Tydzie\u0144 41"},"content":{"rendered":"\t\t<div data-elementor-type=\"wp-post\" data-elementor-id=\"6356\" class=\"elementor elementor-6356\">\n\t\t\t\t\t\t<div class=\"elementor-inner\">\n\t\t\t\t<div class=\"elementor-section-wrap\">\n\t\t\t\t\t\t\t\t\t<section class=\"elementor-section elementor-top-section elementor-element elementor-element-2b19dcf elementor-section-boxed elementor-section-height-default elementor-section-height-default\" data-id=\"2b19dcf\" data-element_type=\"section\">\n\t\t\t\t\t\t<div class=\"elementor-container elementor-column-gap-default\">\n\t\t\t\t\t\t\t<div class=\"elementor-row\">\n\t\t\t\t\t<div class=\"elementor-column elementor-col-100 elementor-top-column elementor-element elementor-element-945b029\" data-id=\"945b029\" data-element_type=\"column\">\n\t\t\t<div class=\"elementor-column-wrap elementor-element-populated\">\n\t\t\t\t\t\t\t<div class=\"elementor-widget-wrap\">\n\t\t\t\t\t\t<div class=\"elementor-element elementor-element-669c4db elementor-widget elementor-widget-text-editor\" data-id=\"669c4db\" data-element_type=\"widget\" data-widget_type=\"text-editor.default\">\n\t\t\t\t<div class=\"elementor-widget-container\">\n\t\t\t\t\t\t\t\t<div class=\"elementor-text-editor elementor-clearfix\">\n\t\t\t\t<div class=\"kvgmc6g5 cxmmr5t8 oygrvhab hcukyx3x c1et5uql ii04i59q\"><div dir=\"auto\">Jak dobrze pisze si\u0119 o takich udanych wydarzeniach. Ekipa OGT ju\u017c trzeci weekend z rz\u0119du zameldowa\u0142a si\u0119 na starcie Duathlonu. Zawody w P\u0119c\u0142awie bo o nich mowa organizowa\u0142 znany doskonale Jerzy G\u00f3rski i jego niezawodna Ekipa. Panie Jurku brawo za profesjonaln\u0105 organizacj\u0119 <span class=\"pq6dq46d tbxw36s4 knj5qynh kvgmc6g5 ditlmg2l oygrvhab nvdbi5me sf5mxxl7 gl3lb2sf hhz5lgdu\"><img loading=\"lazy\" src=\"https:\/\/static.xx.fbcdn.net\/images\/emoji.php\/v9\/tfe\/1\/16\/1f44f.png\" alt=\"\ud83d\udc4f\" width=\"16\" height=\"16\" \/><\/span><span class=\"pq6dq46d tbxw36s4 knj5qynh kvgmc6g5 ditlmg2l oygrvhab nvdbi5me sf5mxxl7 gl3lb2sf hhz5lgdu\"><img loading=\"lazy\" src=\"https:\/\/static.xx.fbcdn.net\/images\/emoji.php\/v9\/tfe\/1\/16\/1f44f.png\" alt=\"\ud83d\udc4f\" width=\"16\" height=\"16\" \/><\/span><span class=\"pq6dq46d tbxw36s4 knj5qynh kvgmc6g5 ditlmg2l oygrvhab nvdbi5me sf5mxxl7 gl3lb2sf hhz5lgdu\"><img loading=\"lazy\" src=\"https:\/\/static.xx.fbcdn.net\/images\/emoji.php\/v9\/tfe\/1\/16\/1f44f.png\" alt=\"\ud83d\udc4f\" width=\"16\" height=\"16\" \/><\/span><\/div><div dir=\"auto\">\u00a0<\/div><\/div><div class=\"o9v6fnle cxmmr5t8 oygrvhab hcukyx3x c1et5uql ii04i59q\"><div dir=\"auto\">Dystans 5 km biegu, 22,5 km rower, 2,5 km biegu, pokonali\u015bmy w nast\u0119puj\u0105cej konfiguracji:<\/div><div dir=\"auto\">\u00a0<\/div><div dir=\"auto\">Katarzyna Szarek czas: 1:25:44 miejsce OPEN 2 !!!<\/div><div dir=\"auto\">Tomasz Kubicki czas: 1:13:03 miejsce OPEN 9 oraz 1 w M50!<\/div><div dir=\"auto\">Piotr Szelerski czas: 1:16:36 miejsce OPEN 15 oraz 8 w M30<\/div><div dir=\"auto\">Marek B\u0142ach czas : 1:21:48 miejsce OPEN 32 oraz 8 w M40<\/div><div dir=\"auto\">\u00a0<\/div><\/div><div class=\"o9v6fnle cxmmr5t8 oygrvhab hcukyx3x c1et5uql ii04i59q\"><div dir=\"auto\">Warto podkre\u015bli\u0107, \u017ce zawody wygra\u0142 Marcin \u0141awicki &#8211; Czo\u0142owy Polski Triathlonista. Atmosfera w grupie jest mega pozytywna i trudno mi pisa\u0107 o zako\u0144czeniu sezonu. Kto wie jakie pomys\u0142y jeszcze zrealizujemy, kto wie?<\/div><\/div>\t\t\t\t\t<\/div>\n\t\t\t\t\t\t<\/div>\n\t\t\t\t<\/div>\n\t\t\t\t\t\t<\/div>\n\t\t\t\t\t<\/div>\n\t\t<\/div>\n\t\t\t\t\t\t\t\t<\/div>\n\t\t\t\t\t<\/div>\n\t\t<\/section>\n\t\t\t\t\t\t\t\t\t<\/div>\n\t\t\t<\/div>\n\t\t\t\t\t<\/div>\n\t\t","protected":false},"excerpt":{"rendered":"<p>Jak dobrze pisze si\u0119 o takich udanych wydarzeniach. Ekipa OGT ju\u017c trzeci weekend z rz\u0119du zameldowa\u0142a si\u0119 na starcie Duathlonu. Zawody w P\u0119c\u0142awie bo o nich mowa organizowa\u0142 znany doskonale<\/p>\n<p class=\"more-link\"><a href=\"https:\/\/triathlonolesnica.pl\/new_site\/2020\/10\/13\/z-kalendarza-ogt-tydzien-41\/\" class=\"readmore\">Czytaj dalej&#8230;<span class=\"screen-reader-text\">Z kalendarza OGT Tydzie\u0144 41<\/span><\/a><\/p>\n","protected":false},"author":1,"featured_media":0,"comment_status":"closed","ping_status":"open","sticky":false,"template":"","format":"standard","meta":[],"categories":[1],"tags":[],"_links":{"self":[{"href":"https:\/\/triathlonolesnica.pl\/new_site\/wp-json\/wp\/v2\/posts\/6356"}],"collection":[{"href":"https:\/\/triathlonolesnica.pl\/new_site\/wp-json\/wp\/v2\/posts"}],"about":[{"href":"https:\/\/triathlonolesnica.pl\/new_site\/wp-json\/wp\/v2\/types\/post"}],"author":[{"embeddable":true,"href":"https:\/\/triathlonolesnica.pl\/new_site\/wp-json\/wp\/v2\/users\/1"}],"replies":[{"embeddable":true,"href":"https:\/\/triathlonolesnica.pl\/new_site\/wp-json\/wp\/v2\/comments?post=6356"}],"version-history":[{"count":3,"href":"https:\/\/triathlonolesnica.pl\/new_site\/wp-json\/wp\/v2\/posts\/6356\/revisions"}],"predecessor-version":[{"id":6359,"href":"https:\/\/triathlonolesnica.pl\/new_site\/wp-json\/wp\/v2\/posts\/6356\/revisions\/6359"}],"wp:attachment":[{"href":"https:\/\/triathlonolesnica.pl\/new_site\/wp-json\/wp\/v2\/media?parent=6356"}],"wp:term":[{"taxonomy":"category","embeddable":true,"href":"https:\/\/triathlonolesnica.pl\/new_site\/wp-json\/wp\/v2\/categories?post=6356"},{"taxonomy":"post_tag","embeddable":true,"href":"https:\/\/triathlonolesnica.pl\/new_site\/wp-json\/wp\/v2\/tags?post=6356"}],"curies":[{"name":"wp","href":"https:\/\/api.w.org\/{rel}","templated":true}]}}